{"id":1032,"date":"2020-10-14T16:22:27","date_gmt":"2020-10-14T19:22:27","guid":{"rendered":"https:\/\/ieslaboulaye-cba.infd.edu.ar\/sitio\/?p=1032"},"modified":"2020-10-14T16:22:27","modified_gmt":"2020-10-14T19:22:27","slug":"14-10-2020-conovocatoria-para-cobertura-de-horas-catedra","status":"publish","type":"post","link":"https:\/\/ieslaboulaye-cba.infd.edu.ar\/sitio\/14-10-2020-conovocatoria-para-cobertura-de-horas-catedra\/","title":{"rendered":"14\/10\/2020 : Conovocatoria para cobertura de horas c\u00e1tedra."},"content":{"rendered":"<p><a href=\"https:\/\/ieslaboulaye-cba.infd.edu.ar\/sitio\/wp-content\/uploads\/2020\/10\/IES-LEFEBVRE-CS.-AUTORIZACI\u00d3N-COB-DE-HS.-C\u00c1T.-N-S-MEMO-01-20-RES.-194-20.doc\">IES LEFEBVRE CS. AUTORIZACI\u00d3N COB DE HS. C\u00c1T. N S MEMO 01-20 &#8212; RES. 194-20<\/a><\/p>\n<p>&nbsp;<\/p>\n<p><a href=\"https:\/\/ieslaboulaye-cba.infd.edu.ar\/sitio\/wp-content\/uploads\/2020\/10\/IES-LEFEBVRE-DID-AUTORIZACI\u00d3N-COB-HS.-C\u00c1T.-N-S-MEMO-01-20-RES.-194-20.doc\">IES LEFEBVRE DID AUTORIZACI\u00d3N COB HS. C\u00c1T. N S MEMO 01-20 &#8212; RES. 194-20<\/a><\/p>\n<p>&nbsp;<\/p>\n<p><a href=\"https:\/\/ieslaboulaye-cba.infd.edu.ar\/sitio\/wp-content\/uploads\/2020\/10\/IES-LEFEBVRE-FEN-T-AUTORIZACI\u00d3N-DE-COB-HS.-C\u00c1T.-N-S-MEMO-01-20-RES.-194-20.doc\">IES LEFEBVRE FEN T AUTORIZACI\u00d3N DE COB HS. C\u00c1T. N S MEMO 01-20 &#8212; RES. 194-20<\/a><\/p>\n<p>&nbsp;<\/p>\n<p><a href=\"https:\/\/ieslaboulaye-cba.infd.edu.ar\/sitio\/wp-content\/uploads\/2020\/10\/IES-LEFEBVRE-PR\u00c1CT.-AUTORIZACI\u00d3N-DE-COB-HS.-C\u00c1T.-N-S-MEMO-01-20-RES.-194-20.doc\">IES LEFEBVRE PR\u00c1CT. AUTORIZACI\u00d3N DE COB HS. C\u00c1T. N S MEMO 01-20 &#8212; RES. 194-20<\/a><\/p>\n<p>&nbsp;<\/p>\n<p><a href=\"https:\/\/ieslaboulaye-cba.infd.edu.ar\/sitio\/wp-content\/uploads\/2020\/10\/IES-LEFEBVRE-TRAB-AUTORIZACI\u00d3N-COB-HS.-C\u00c1T.-N-S-MEMO-01-20-RES.-194-20.doc\">IES LEFEBVRE TRAB AUTORIZACI\u00d3N COB HS. C\u00c1T. N S MEMO 01-20 &#8212; RES. 194-20<\/a><\/p>\n<p>&nbsp;<\/p>\n","protected":false},"excerpt":{"rendered":"<p>IES LEFEBVRE CS. AUTORIZACI\u00d3N COB DE HS. C\u00c1T. N S MEMO 01-20 &#8212; RES. 194-20 &nbsp; IES LEFEBVRE DID AUTORIZACI\u00d3N COB HS. C\u00c1T. N S MEMO 01-20 &#8212; RES. 194-20 &nbsp; IES LEFEBVRE FEN T AUTORIZACI\u00d3N DE COB HS. C\u00c1T. N S MEMO 01-20 &#8212; RES. 194-20 &nbsp; IES LEFEBVRE PR\u00c1CT. AUTORIZACI\u00d3N DE COB HS. &#8230; <a title=\"14\/10\/2020 : Conovocatoria para cobertura de horas c\u00e1tedra.\" class=\"read-more\" href=\"https:\/\/ieslaboulaye-cba.infd.edu.ar\/sitio\/14-10-2020-conovocatoria-para-cobertura-de-horas-catedra\/\" aria-label=\"More on 14\/10\/2020 : Conovocatoria para cobertura de horas c\u00e1tedra.\">[+]<\/a><\/p>\n","protected":false},"author":120,"featured_media":0,"comment_status":"open","ping_status":"open","sticky":false,"template":"","format":"standard","meta":[],"categories":[1],"tags":[],"acf":[],"_links":{"self":[{"href":"https:\/\/ieslaboulaye-cba.infd.edu.ar\/sitio\/wp-json\/wp\/v2\/posts\/1032"}],"collection":[{"href":"https:\/\/ieslaboulaye-cba.infd.edu.ar\/sitio\/wp-json\/wp\/v2\/posts"}],"about":[{"href":"https:\/\/ieslaboulaye-cba.infd.edu.ar\/sitio\/wp-json\/wp\/v2\/types\/post"}],"author":[{"embeddable":true,"href":"https:\/\/ieslaboulaye-cba.infd.edu.ar\/sitio\/wp-json\/wp\/v2\/users\/120"}],"replies":[{"embeddable":true,"href":"https:\/\/ieslaboulaye-cba.infd.edu.ar\/sitio\/wp-json\/wp\/v2\/comments?post=1032"}],"version-history":[{"count":1,"href":"https:\/\/ieslaboulaye-cba.infd.edu.ar\/sitio\/wp-json\/wp\/v2\/posts\/1032\/revisions"}],"predecessor-version":[{"id":1038,"href":"https:\/\/ieslaboulaye-cba.infd.edu.ar\/sitio\/wp-json\/wp\/v2\/posts\/1032\/revisions\/1038"}],"wp:attachment":[{"href":"https:\/\/ieslaboulaye-cba.infd.edu.ar\/sitio\/wp-json\/wp\/v2\/media?parent=1032"}],"wp:term":[{"taxonomy":"category","embeddable":true,"href":"https:\/\/ieslaboulaye-cba.infd.edu.ar\/sitio\/wp-json\/wp\/v2\/categories?post=1032"},{"taxonomy":"post_tag","embeddable":true,"href":"https:\/\/ieslaboulaye-cba.infd.edu.ar\/sitio\/wp-json\/wp\/v2\/tags?post=1032"}],"curies":[{"name":"wp","href":"https:\/\/api.w.org\/{rel}","templated":true}]}}