{"id":1045,"date":"2020-10-20T20:00:42","date_gmt":"2020-10-20T23:00:42","guid":{"rendered":"https:\/\/ieslaboulaye-cba.infd.edu.ar\/sitio\/?p=1045"},"modified":"2020-10-20T20:00:42","modified_gmt":"2020-10-20T23:00:42","slug":"20-10-2020-convocatoria-para-cubrir-horas-catedras","status":"publish","type":"post","link":"https:\/\/ieslaboulaye-cba.infd.edu.ar\/sitio\/20-10-2020-convocatoria-para-cubrir-horas-catedras\/","title":{"rendered":"20\/10\/2020 Convocatoria para cubrir horas c\u00e1tedras"},"content":{"rendered":"<ul>\n<li>Carrera: Profesorado de Educaci\u00f3n Secundaria en Geograf\u00eda<\/li>\n<li>Espacio curricular: A76820 Filosof\u00eda y Educaci\u00f3n<\/li>\n<\/ul>\n<p><a href=\"https:\/\/ieslaboulaye-cba.infd.edu.ar\/sitio\/wp-content\/uploads\/2020\/10\/IES-LEFEBVRE-FILOSOF\u00cdA-AUTORIZACI\u00d3N-COBERTURA-Hs-C\u00e1t-N-S-RES-194-20-MEMO-01-20.doc\">IES LEFEBVRE FILOSOF\u00cdA AUTORIZACI\u00d3N COBERTURA Hs C\u00e1t N S RES 194-20 &#8211; MEMO 01-20<\/a> <a href=\"https:\/\/ieslaboulaye-cba.infd.edu.ar\/sitio\/wp-content\/uploads\/2020\/10\/IES-LEFEBVRE-DIDACTICA-AUTORIZACI\u00d3N-COB-HS-CAT-N-S-POR-RES-194-20-Y-MEMO-01-20.doc\">IES <\/a><\/p>\n<ul>\n<li>Carrera: Profesorado de Educaci\u00f3n Secundaria en Lengua y Literatura<\/li>\n<li>Espacio curricular: A76821 Did\u00e1ctica General<\/li>\n<\/ul>\n<p><a href=\"https:\/\/ieslaboulaye-cba.infd.edu.ar\/sitio\/wp-content\/uploads\/2020\/10\/IES-LEFEBVRE-DIDACTICA-AUTORIZACI\u00d3N-COB-HS-CAT-N-S-POR-RES-194-20-Y-MEMO-01-20.doc\">LEFEBVRE DIDACTICA AUTORIZACI\u00d3N COB HS CAT N S POR RES 194-20 Y MEMO 01-20<\/a><\/p>\n<p>&nbsp;<\/p>\n","protected":false},"excerpt":{"rendered":"<p>Carrera: Profesorado de Educaci\u00f3n Secundaria en Geograf\u00eda Espacio curricular: A76820 Filosof\u00eda y Educaci\u00f3n IES LEFEBVRE FILOSOF\u00cdA AUTORIZACI\u00d3N COBERTURA Hs C\u00e1t N S RES 194-20 &#8211; MEMO 01-20 IES Carrera: Profesorado de Educaci\u00f3n Secundaria en Lengua y Literatura Espacio curricular: A76821 Did\u00e1ctica General LEFEBVRE DIDACTICA AUTORIZACI\u00d3N COB HS CAT N S POR RES 194-20 Y MEMO &#8230; <a title=\"20\/10\/2020 Convocatoria para cubrir horas c\u00e1tedras\" class=\"read-more\" href=\"https:\/\/ieslaboulaye-cba.infd.edu.ar\/sitio\/20-10-2020-convocatoria-para-cubrir-horas-catedras\/\" aria-label=\"More on 20\/10\/2020 Convocatoria para cubrir horas c\u00e1tedras\">[+]<\/a><\/p>\n","protected":false},"author":120,"featured_media":0,"comment_status":"open","ping_status":"open","sticky":false,"template":"","format":"standard","meta":[],"categories":[1],"tags":[],"acf":[],"_links":{"self":[{"href":"https:\/\/ieslaboulaye-cba.infd.edu.ar\/sitio\/wp-json\/wp\/v2\/posts\/1045"}],"collection":[{"href":"https:\/\/ieslaboulaye-cba.infd.edu.ar\/sitio\/wp-json\/wp\/v2\/posts"}],"about":[{"href":"https:\/\/ieslaboulaye-cba.infd.edu.ar\/sitio\/wp-json\/wp\/v2\/types\/post"}],"author":[{"embeddable":true,"href":"https:\/\/ieslaboulaye-cba.infd.edu.ar\/sitio\/wp-json\/wp\/v2\/users\/120"}],"replies":[{"embeddable":true,"href":"https:\/\/ieslaboulaye-cba.infd.edu.ar\/sitio\/wp-json\/wp\/v2\/comments?post=1045"}],"version-history":[{"count":1,"href":"https:\/\/ieslaboulaye-cba.infd.edu.ar\/sitio\/wp-json\/wp\/v2\/posts\/1045\/revisions"}],"predecessor-version":[{"id":1048,"href":"https:\/\/ieslaboulaye-cba.infd.edu.ar\/sitio\/wp-json\/wp\/v2\/posts\/1045\/revisions\/1048"}],"wp:attachment":[{"href":"https:\/\/ieslaboulaye-cba.infd.edu.ar\/sitio\/wp-json\/wp\/v2\/media?parent=1045"}],"wp:term":[{"taxonomy":"category","embeddable":true,"href":"https:\/\/ieslaboulaye-cba.infd.edu.ar\/sitio\/wp-json\/wp\/v2\/categories?post=1045"},{"taxonomy":"post_tag","embeddable":true,"href":"https:\/\/ieslaboulaye-cba.infd.edu.ar\/sitio\/wp-json\/wp\/v2\/tags?post=1045"}],"curies":[{"name":"wp","href":"https:\/\/api.w.org\/{rel}","templated":true}]}}