{"id":1056,"date":"2020-11-02T18:58:54","date_gmt":"2020-11-02T21:58:54","guid":{"rendered":"https:\/\/ieslaboulaye-cba.infd.edu.ar\/sitio\/?p=1056"},"modified":"2020-11-02T18:58:54","modified_gmt":"2020-11-02T21:58:54","slug":"02-11-20-convocatoria-para-cubrir-horas-catedra-profesorado-fisica-y-profesorado-de-matematica","status":"publish","type":"post","link":"https:\/\/ieslaboulaye-cba.infd.edu.ar\/sitio\/02-11-20-convocatoria-para-cubrir-horas-catedra-profesorado-fisica-y-profesorado-de-matematica\/","title":{"rendered":"02\/11\/20 Convocatoria para cubrir horas c\u00e1tedra Profesorado F\u00edsica y Profesorado de Matem\u00e1tica"},"content":{"rendered":"<ul>\n<li>Carrera: Profesorado de Educaci\u00f3n Secundaria en F\u00edsica<\/li>\n<li>Espacio curricular: A 79232 Fen\u00f3menos Termodin\u00e1micos<\/li>\n<li>Car\u00e1cter: Interino a T\u00e9rmino<\/li>\n<li>Curso\/Divisi\u00f3n: 3 A\u00f1o Divisi\u00f3n \u00danica<\/li>\n<li>Carga horaria: 6 hs c\u00e1t.<\/li>\n<\/ul>\n<p><a href=\"https:\/\/ieslaboulaye-cba.infd.edu.ar\/sitio\/wp-content\/uploads\/2020\/11\/IES-2da-PROF-F\u00cdSICA-FEN-TERM-AUTORIZACI\u00d3N-COBERTURA-HS-C\u00c1T-NS-RES-194-20-MEMO-01-20.doc\">IES 2da PROF F\u00cdSICA FEN TERM AUTORIZACI\u00d3N COBERTURA HS C\u00c1T NS RES 194-20 &#8211; MEMO 01-20<\/a> <a href=\"https:\/\/ieslaboulaye-cba.infd.edu.ar\/sitio\/wp-content\/uploads\/2020\/11\/IES-2da-PROF-F\u00cdSICA-PR\u00c1CTICA-AUTORIZACI\u00d3N-COBERTURA-HS-C\u00c1T-NS-RES-194-20-MEMO-01-20.doc\">IES 2da <\/a><\/p>\n<ul>\n<li>Espacio curricular: <strong>A77257 Pr\u00e1ctica Docente III: El Aula: Espacio del Aprender y del Ense\u00f1ar<\/strong><\/li>\n<li>Car\u00e1cter: Interino a T\u00e9rmino<\/li>\n<li>Curso\/Divisi\u00f3n: 3 A\u00f1o Divisi\u00f3n \u00danica<\/li>\n<li>Carga horaria: 6 Hs. c\u00e1t.<\/li>\n<\/ul>\n<p><a href=\"https:\/\/ieslaboulaye-cba.infd.edu.ar\/sitio\/wp-content\/uploads\/2020\/11\/IES-2da-PROF-F\u00cdSICA-PR\u00c1CTICA-AUTORIZACI\u00d3N-COBERTURA-HS-C\u00c1T-NS-RES-194-20-MEMO-01-20.doc\">PROF F\u00cdSICA PR\u00c1CTICA AUTORIZACI\u00d3N COBERTURA HS C\u00c1T NS RES 194-20 &#8211; MEMO 01-20<\/a> <a href=\"https:\/\/ieslaboulaye-cba.infd.edu.ar\/sitio\/wp-content\/uploads\/2020\/11\/IES-PROF-MAT-DID\u00c1CT-AUTORIZACI\u00d3N-COBERTURA-RES-194-20-MEMO-01-20.docx\">IES PROF MAT <\/a><\/p>\n<ul>\n<li><u>Carrera<\/u>: Profesorado de Educaci\u00f3n Secundaria en Matem\u00e1tica<\/li>\n<li><u>Espacio curricular<\/u>: <strong>A77911 Did\u00e1ctica de la Matem\u00e1tica I<\/strong><\/li>\n<li><u>Car\u00e1cter<\/u>: Suplente<\/li>\n<li><u>Curso\/Divisi\u00f3n<\/u>: 2\u00baA\u00f1o Divisi\u00f3n \u00danica<\/li>\n<li><u>Carga horaria<\/u>: 4Hs. c\u00e1tedra<\/li>\n<\/ul>\n<p><a href=\"https:\/\/ieslaboulaye-cba.infd.edu.ar\/sitio\/wp-content\/uploads\/2020\/11\/IES-PROF-MAT-DID\u00c1CT-AUTORIZACI\u00d3N-COBERTURA-RES-194-20-MEMO-01-20.docx\">DID\u00c1CT AUTORIZACI\u00d3N COBERTURA RES 194-20 &#8211; MEMO 01-20<\/a><\/p>\n","protected":false},"excerpt":{"rendered":"<p>Carrera: Profesorado de Educaci\u00f3n Secundaria en F\u00edsica Espacio curricular: A 79232 Fen\u00f3menos Termodin\u00e1micos Car\u00e1cter: Interino a T\u00e9rmino Curso\/Divisi\u00f3n: 3 A\u00f1o Divisi\u00f3n \u00danica Carga horaria: 6 hs c\u00e1t. IES 2da PROF F\u00cdSICA FEN TERM AUTORIZACI\u00d3N COBERTURA HS C\u00c1T NS RES 194-20 &#8211; MEMO 01-20 IES 2da Espacio curricular: A77257 Pr\u00e1ctica Docente III: El Aula: Espacio del &#8230; <a title=\"02\/11\/20 Convocatoria para cubrir horas c\u00e1tedra Profesorado F\u00edsica y Profesorado de Matem\u00e1tica\" class=\"read-more\" href=\"https:\/\/ieslaboulaye-cba.infd.edu.ar\/sitio\/02-11-20-convocatoria-para-cubrir-horas-catedra-profesorado-fisica-y-profesorado-de-matematica\/\" aria-label=\"More on 02\/11\/20 Convocatoria para cubrir horas c\u00e1tedra Profesorado F\u00edsica y Profesorado de Matem\u00e1tica\">[+]<\/a><\/p>\n","protected":false},"author":120,"featured_media":0,"comment_status":"open","ping_status":"open","sticky":false,"template":"","format":"standard","meta":[],"categories":[1],"tags":[],"acf":[],"_links":{"self":[{"href":"https:\/\/ieslaboulaye-cba.infd.edu.ar\/sitio\/wp-json\/wp\/v2\/posts\/1056"}],"collection":[{"href":"https:\/\/ieslaboulaye-cba.infd.edu.ar\/sitio\/wp-json\/wp\/v2\/posts"}],"about":[{"href":"https:\/\/ieslaboulaye-cba.infd.edu.ar\/sitio\/wp-json\/wp\/v2\/types\/post"}],"author":[{"embeddable":true,"href":"https:\/\/ieslaboulaye-cba.infd.edu.ar\/sitio\/wp-json\/wp\/v2\/users\/120"}],"replies":[{"embeddable":true,"href":"https:\/\/ieslaboulaye-cba.infd.edu.ar\/sitio\/wp-json\/wp\/v2\/comments?post=1056"}],"version-history":[{"count":1,"href":"https:\/\/ieslaboulaye-cba.infd.edu.ar\/sitio\/wp-json\/wp\/v2\/posts\/1056\/revisions"}],"predecessor-version":[{"id":1060,"href":"https:\/\/ieslaboulaye-cba.infd.edu.ar\/sitio\/wp-json\/wp\/v2\/posts\/1056\/revisions\/1060"}],"wp:attachment":[{"href":"https:\/\/ieslaboulaye-cba.infd.edu.ar\/sitio\/wp-json\/wp\/v2\/media?parent=1056"}],"wp:term":[{"taxonomy":"category","embeddable":true,"href":"https:\/\/ieslaboulaye-cba.infd.edu.ar\/sitio\/wp-json\/wp\/v2\/categories?post=1056"},{"taxonomy":"post_tag","embeddable":true,"href":"https:\/\/ieslaboulaye-cba.infd.edu.ar\/sitio\/wp-json\/wp\/v2\/tags?post=1056"}],"curies":[{"name":"wp","href":"https:\/\/api.w.org\/{rel}","templated":true}]}}