{"id":1066,"date":"2020-11-16T10:28:56","date_gmt":"2020-11-16T13:28:56","guid":{"rendered":"https:\/\/ieslaboulaye-cba.infd.edu.ar\/sitio\/?p=1066"},"modified":"2020-11-16T10:28:56","modified_gmt":"2020-11-16T13:28:56","slug":"16-11-nuevas-convocatorias-profesorados-de-matematica-y-de-fisica","status":"publish","type":"post","link":"https:\/\/ieslaboulaye-cba.infd.edu.ar\/sitio\/16-11-nuevas-convocatorias-profesorados-de-matematica-y-de-fisica\/","title":{"rendered":"16\/11 Nuevas convocatorias: Profesorados de matem\u00e1tica y de F\u00edsica"},"content":{"rendered":"<ul>\n<li><u>Carrera<\/u>: Profesorado de Educaci\u00f3n Secundaria en Matem\u00e1tica<\/li>\n<li><u>Espacio curricular<\/u>: <strong>A77911 Did\u00e1ctica de la Matem\u00e1tica I<\/strong><\/li>\n<li><u>Car\u00e1cter<\/u>: Suplente<\/li>\n<li><u>Curso\/Divisi\u00f3n<\/u>: 2\u00baA\u00f1o Divisi\u00f3n \u00danica<\/li>\n<\/ul>\n<p><a href=\"https:\/\/ieslaboulaye-cba.infd.edu.ar\/sitio\/wp-content\/uploads\/2020\/11\/IES-2da-PROF-MAT-DID\u00c1CT-AUTORIZACI\u00d3N-COBERTURA-RES-194-20-MEMO-01-20.docx\">IES 2da PROF MAT DID\u00c1CT AUTORIZACI\u00d3N COBERTURA RES 194-20 &#8211; MEMO 01-20<\/a><\/p>\n<ul>\n<li><u>Carrera<\/u>: Profesorado de Educaci\u00f3n Secundaria en Matem\u00e1tica<\/li>\n<li><u>Espacio curricular<\/u>: <strong>A77911 Did\u00e1ctica de la Matem\u00e1tica I<\/strong><\/li>\n<li><u>Car\u00e1cter<\/u>: Suplente<\/li>\n<li><u>Curso\/Divisi\u00f3n<\/u>: 2\u00baA\u00f1o Divisi\u00f3n \u00danica<\/li>\n<\/ul>\n<p><a href=\"https:\/\/ieslaboulaye-cba.infd.edu.ar\/sitio\/wp-content\/uploads\/2020\/11\/IES-3er-PROF-F\u00cdSICA-PR\u00c1CTICA-AUTORIZACI\u00d3N-COBERTURA-HS-C\u00c1T-NS-RES-194-20-MEMO-01-20.docx\">IES 3er PROF F\u00cdSICA PR\u00c1CTICA AUTORIZACI\u00d3N COBERTURA HS C\u00c1T NS RES 194-20 &#8211; MEMO 01-20<\/a><\/p>\n","protected":false},"excerpt":{"rendered":"<p>Carrera: Profesorado de Educaci\u00f3n Secundaria en Matem\u00e1tica Espacio curricular: A77911 Did\u00e1ctica de la Matem\u00e1tica I Car\u00e1cter: Suplente Curso\/Divisi\u00f3n: 2\u00baA\u00f1o Divisi\u00f3n \u00danica IES 2da PROF MAT DID\u00c1CT AUTORIZACI\u00d3N COBERTURA RES 194-20 &#8211; MEMO 01-20 Carrera: Profesorado de Educaci\u00f3n Secundaria en Matem\u00e1tica Espacio curricular: A77911 Did\u00e1ctica de la Matem\u00e1tica I Car\u00e1cter: Suplente Curso\/Divisi\u00f3n: 2\u00baA\u00f1o Divisi\u00f3n \u00danica IES &#8230; <a title=\"16\/11 Nuevas convocatorias: Profesorados de matem\u00e1tica y de F\u00edsica\" class=\"read-more\" href=\"https:\/\/ieslaboulaye-cba.infd.edu.ar\/sitio\/16-11-nuevas-convocatorias-profesorados-de-matematica-y-de-fisica\/\" aria-label=\"More on 16\/11 Nuevas convocatorias: Profesorados de matem\u00e1tica y de F\u00edsica\">[+]<\/a><\/p>\n","protected":false},"author":120,"featured_media":0,"comment_status":"open","ping_status":"open","sticky":false,"template":"","format":"standard","meta":[],"categories":[1],"tags":[],"acf":[],"_links":{"self":[{"href":"https:\/\/ieslaboulaye-cba.infd.edu.ar\/sitio\/wp-json\/wp\/v2\/posts\/1066"}],"collection":[{"href":"https:\/\/ieslaboulaye-cba.infd.edu.ar\/sitio\/wp-json\/wp\/v2\/posts"}],"about":[{"href":"https:\/\/ieslaboulaye-cba.infd.edu.ar\/sitio\/wp-json\/wp\/v2\/types\/post"}],"author":[{"embeddable":true,"href":"https:\/\/ieslaboulaye-cba.infd.edu.ar\/sitio\/wp-json\/wp\/v2\/users\/120"}],"replies":[{"embeddable":true,"href":"https:\/\/ieslaboulaye-cba.infd.edu.ar\/sitio\/wp-json\/wp\/v2\/comments?post=1066"}],"version-history":[{"count":1,"href":"https:\/\/ieslaboulaye-cba.infd.edu.ar\/sitio\/wp-json\/wp\/v2\/posts\/1066\/revisions"}],"predecessor-version":[{"id":1070,"href":"https:\/\/ieslaboulaye-cba.infd.edu.ar\/sitio\/wp-json\/wp\/v2\/posts\/1066\/revisions\/1070"}],"wp:attachment":[{"href":"https:\/\/ieslaboulaye-cba.infd.edu.ar\/sitio\/wp-json\/wp\/v2\/media?parent=1066"}],"wp:term":[{"taxonomy":"category","embeddable":true,"href":"https:\/\/ieslaboulaye-cba.infd.edu.ar\/sitio\/wp-json\/wp\/v2\/categories?post=1066"},{"taxonomy":"post_tag","embeddable":true,"href":"https:\/\/ieslaboulaye-cba.infd.edu.ar\/sitio\/wp-json\/wp\/v2\/tags?post=1066"}],"curies":[{"name":"wp","href":"https:\/\/api.w.org\/{rel}","templated":true}]}}