{"id":978,"date":"2020-06-03T11:33:02","date_gmt":"2020-06-03T14:33:02","guid":{"rendered":"https:\/\/ieslaboulaye-cba.infd.edu.ar\/sitio\/?p=978"},"modified":"2020-06-03T18:14:47","modified_gmt":"2020-06-03T21:14:47","slug":"convocatoria-docente-profesorado-de-geografia","status":"publish","type":"post","link":"https:\/\/ieslaboulaye-cba.infd.edu.ar\/sitio\/convocatoria-docente-profesorado-de-geografia\/","title":{"rendered":"CONVOCATORIA DOCENTE &#8211; PROFESORADO DE GEOGRAF\u00cdA"},"content":{"rendered":"<p>Convocatoria desde el 04\/06\/2020 al 08\/06\/2020<\/p>\n<p>Espacio curricular: Geograf\u00eda Pol\u00edtica y de los Conflictos Mundiales \u2013<br \/>\nc\u00f3digo: A80062 &#8211; 5 horas c\u00e1tedras &#8211;<br \/>\nCurso y divisi\u00f3n: 4to a\u00f1o div. \u201cU\u201d<br \/>\nCar\u00e1cter: Interino a T\u00e9rmino<br \/>\nD\u00edas y horarios de desempe\u00f1o: Martes 21:25 a 22:05 &#8211; 22:35 a 23:15<br \/>\nJueves 19:55 a 20:35 &#8211; 20:35 a 21:15<br \/>\nViernes 21:55 a 22:35<\/p>\n","protected":false},"excerpt":{"rendered":"<p>Convocatoria desde el 04\/06\/2020 al 08\/06\/2020 Espacio curricular: Geograf\u00eda Pol\u00edtica y de los Conflictos Mundiales \u2013 c\u00f3digo: A80062 &#8211; 5 horas c\u00e1tedras &#8211; Curso y divisi\u00f3n: 4to a\u00f1o div. \u201cU\u201d Car\u00e1cter: Interino a T\u00e9rmino D\u00edas y horarios de desempe\u00f1o: Martes 21:25 a 22:05 &#8211; 22:35 a 23:15 Jueves 19:55 a 20:35 &#8211; 20:35 a 21:15 &#8230; <a title=\"CONVOCATORIA DOCENTE &#8211; PROFESORADO DE GEOGRAF\u00cdA\" class=\"read-more\" href=\"https:\/\/ieslaboulaye-cba.infd.edu.ar\/sitio\/convocatoria-docente-profesorado-de-geografia\/\" aria-label=\"More on CONVOCATORIA DOCENTE &#8211; PROFESORADO DE GEOGRAF\u00cdA\">[+]<\/a><\/p>\n","protected":false},"author":120,"featured_media":0,"comment_status":"open","ping_status":"open","sticky":false,"template":"","format":"standard","meta":[],"categories":[1],"tags":[],"acf":[],"_links":{"self":[{"href":"https:\/\/ieslaboulaye-cba.infd.edu.ar\/sitio\/wp-json\/wp\/v2\/posts\/978"}],"collection":[{"href":"https:\/\/ieslaboulaye-cba.infd.edu.ar\/sitio\/wp-json\/wp\/v2\/posts"}],"about":[{"href":"https:\/\/ieslaboulaye-cba.infd.edu.ar\/sitio\/wp-json\/wp\/v2\/types\/post"}],"author":[{"embeddable":true,"href":"https:\/\/ieslaboulaye-cba.infd.edu.ar\/sitio\/wp-json\/wp\/v2\/users\/120"}],"replies":[{"embeddable":true,"href":"https:\/\/ieslaboulaye-cba.infd.edu.ar\/sitio\/wp-json\/wp\/v2\/comments?post=978"}],"version-history":[{"count":3,"href":"https:\/\/ieslaboulaye-cba.infd.edu.ar\/sitio\/wp-json\/wp\/v2\/posts\/978\/revisions"}],"predecessor-version":[{"id":1010,"href":"https:\/\/ieslaboulaye-cba.infd.edu.ar\/sitio\/wp-json\/wp\/v2\/posts\/978\/revisions\/1010"}],"wp:attachment":[{"href":"https:\/\/ieslaboulaye-cba.infd.edu.ar\/sitio\/wp-json\/wp\/v2\/media?parent=978"}],"wp:term":[{"taxonomy":"category","embeddable":true,"href":"https:\/\/ieslaboulaye-cba.infd.edu.ar\/sitio\/wp-json\/wp\/v2\/categories?post=978"},{"taxonomy":"post_tag","embeddable":true,"href":"https:\/\/ieslaboulaye-cba.infd.edu.ar\/sitio\/wp-json\/wp\/v2\/tags?post=978"}],"curies":[{"name":"wp","href":"https:\/\/api.w.org\/{rel}","templated":true}]}}