{"id":980,"date":"2020-06-03T11:33:56","date_gmt":"2020-06-03T14:33:56","guid":{"rendered":"https:\/\/ieslaboulaye-cba.infd.edu.ar\/sitio\/?p=980"},"modified":"2020-06-03T18:14:34","modified_gmt":"2020-06-03T21:14:34","slug":"convocatoria-docente-profesorado-de-geografia-2","status":"publish","type":"post","link":"https:\/\/ieslaboulaye-cba.infd.edu.ar\/sitio\/convocatoria-docente-profesorado-de-geografia-2\/","title":{"rendered":"CONVOCATORIA DOCENTE &#8211; PROFESORADO DE GEOGRAF\u00cdA"},"content":{"rendered":"<p>Convocatoria desde el 04\/06\/2020 al 08\/06\/2020<\/p>\n<p>Espacio curricular: Geograf\u00eda Cultural &#8211; c\u00f3digo: A80059 &#8211; 3 horas c\u00e1tedras &#8211;<br \/>\nCurso y divisi\u00f3n: 4to a\u00f1o div. \u201cU\u201d<br \/>\nCar\u00e1cter: Interino a T\u00e9rmino<br \/>\nD\u00edas y horarios de desempe\u00f1o: Martes 18:35 a 19:15 &#8211; 19:15 a 19:55 &#8211;<br \/>\n19:55 a 20:35<\/p>\n","protected":false},"excerpt":{"rendered":"<p>Convocatoria desde el 04\/06\/2020 al 08\/06\/2020 Espacio curricular: Geograf\u00eda Cultural &#8211; c\u00f3digo: A80059 &#8211; 3 horas c\u00e1tedras &#8211; Curso y divisi\u00f3n: 4to a\u00f1o div. \u201cU\u201d Car\u00e1cter: Interino a T\u00e9rmino D\u00edas y horarios de desempe\u00f1o: Martes 18:35 a 19:15 &#8211; 19:15 a 19:55 &#8211; 19:55 a 20:35<\/p>\n","protected":false},"author":120,"featured_media":0,"comment_status":"open","ping_status":"open","sticky":false,"template":"","format":"standard","meta":[],"categories":[1],"tags":[],"acf":[],"_links":{"self":[{"href":"https:\/\/ieslaboulaye-cba.infd.edu.ar\/sitio\/wp-json\/wp\/v2\/posts\/980"}],"collection":[{"href":"https:\/\/ieslaboulaye-cba.infd.edu.ar\/sitio\/wp-json\/wp\/v2\/posts"}],"about":[{"href":"https:\/\/ieslaboulaye-cba.infd.edu.ar\/sitio\/wp-json\/wp\/v2\/types\/post"}],"author":[{"embeddable":true,"href":"https:\/\/ieslaboulaye-cba.infd.edu.ar\/sitio\/wp-json\/wp\/v2\/users\/120"}],"replies":[{"embeddable":true,"href":"https:\/\/ieslaboulaye-cba.infd.edu.ar\/sitio\/wp-json\/wp\/v2\/comments?post=980"}],"version-history":[{"count":3,"href":"https:\/\/ieslaboulaye-cba.infd.edu.ar\/sitio\/wp-json\/wp\/v2\/posts\/980\/revisions"}],"predecessor-version":[{"id":1009,"href":"https:\/\/ieslaboulaye-cba.infd.edu.ar\/sitio\/wp-json\/wp\/v2\/posts\/980\/revisions\/1009"}],"wp:attachment":[{"href":"https:\/\/ieslaboulaye-cba.infd.edu.ar\/sitio\/wp-json\/wp\/v2\/media?parent=980"}],"wp:term":[{"taxonomy":"category","embeddable":true,"href":"https:\/\/ieslaboulaye-cba.infd.edu.ar\/sitio\/wp-json\/wp\/v2\/categories?post=980"},{"taxonomy":"post_tag","embeddable":true,"href":"https:\/\/ieslaboulaye-cba.infd.edu.ar\/sitio\/wp-json\/wp\/v2\/tags?post=980"}],"curies":[{"name":"wp","href":"https:\/\/api.w.org\/{rel}","templated":true}]}}