{"id":982,"date":"2020-06-03T11:34:49","date_gmt":"2020-06-03T14:34:49","guid":{"rendered":"https:\/\/ieslaboulaye-cba.infd.edu.ar\/sitio\/?p=982"},"modified":"2020-06-03T18:14:18","modified_gmt":"2020-06-03T21:14:18","slug":"convocatoria-docente-profesorado-de-geografia-3","status":"publish","type":"post","link":"https:\/\/ieslaboulaye-cba.infd.edu.ar\/sitio\/convocatoria-docente-profesorado-de-geografia-3\/","title":{"rendered":"CONVOCATORIA DOCENTE &#8211; PROFESORADO DE GEOGRAF\u00cdA"},"content":{"rendered":"<p>Convocatoria desde el 04\/06\/2020 al 08\/06\/2020<\/p>\n<p>Espacio curricular: Pol\u00edtica y Gesti\u00f3n Territorial de Argentina &#8211; c\u00f3digo: A80060<br \/>\n3 horas c\u00e1tedras &#8211;<br \/>\nCurso y divisi\u00f3n: 4to a\u00f1o div. U<br \/>\nCar\u00e1cter: Interino a T\u00e9rmino<br \/>\nD\u00edas y horarios de desempe\u00f1o: Martes 20:35 a 21:15;<br \/>\nJueves 18:35 a 19:15 &#8211; 19:15 a 19:55<\/p>\n","protected":false},"excerpt":{"rendered":"<p>Convocatoria desde el 04\/06\/2020 al 08\/06\/2020 Espacio curricular: Pol\u00edtica y Gesti\u00f3n Territorial de Argentina &#8211; c\u00f3digo: A80060 3 horas c\u00e1tedras &#8211; Curso y divisi\u00f3n: 4to a\u00f1o div. U Car\u00e1cter: Interino a T\u00e9rmino D\u00edas y horarios de desempe\u00f1o: Martes 20:35 a 21:15; Jueves 18:35 a 19:15 &#8211; 19:15 a 19:55<\/p>\n","protected":false},"author":120,"featured_media":0,"comment_status":"open","ping_status":"open","sticky":false,"template":"","format":"standard","meta":[],"categories":[1],"tags":[],"acf":[],"_links":{"self":[{"href":"https:\/\/ieslaboulaye-cba.infd.edu.ar\/sitio\/wp-json\/wp\/v2\/posts\/982"}],"collection":[{"href":"https:\/\/ieslaboulaye-cba.infd.edu.ar\/sitio\/wp-json\/wp\/v2\/posts"}],"about":[{"href":"https:\/\/ieslaboulaye-cba.infd.edu.ar\/sitio\/wp-json\/wp\/v2\/types\/post"}],"author":[{"embeddable":true,"href":"https:\/\/ieslaboulaye-cba.infd.edu.ar\/sitio\/wp-json\/wp\/v2\/users\/120"}],"replies":[{"embeddable":true,"href":"https:\/\/ieslaboulaye-cba.infd.edu.ar\/sitio\/wp-json\/wp\/v2\/comments?post=982"}],"version-history":[{"count":3,"href":"https:\/\/ieslaboulaye-cba.infd.edu.ar\/sitio\/wp-json\/wp\/v2\/posts\/982\/revisions"}],"predecessor-version":[{"id":1008,"href":"https:\/\/ieslaboulaye-cba.infd.edu.ar\/sitio\/wp-json\/wp\/v2\/posts\/982\/revisions\/1008"}],"wp:attachment":[{"href":"https:\/\/ieslaboulaye-cba.infd.edu.ar\/sitio\/wp-json\/wp\/v2\/media?parent=982"}],"wp:term":[{"taxonomy":"category","embeddable":true,"href":"https:\/\/ieslaboulaye-cba.infd.edu.ar\/sitio\/wp-json\/wp\/v2\/categories?post=982"},{"taxonomy":"post_tag","embeddable":true,"href":"https:\/\/ieslaboulaye-cba.infd.edu.ar\/sitio\/wp-json\/wp\/v2\/tags?post=982"}],"curies":[{"name":"wp","href":"https:\/\/api.w.org\/{rel}","templated":true}]}}