{"id":984,"date":"2020-06-03T11:35:35","date_gmt":"2020-06-03T14:35:35","guid":{"rendered":"https:\/\/ieslaboulaye-cba.infd.edu.ar\/sitio\/?p=984"},"modified":"2020-06-03T18:13:59","modified_gmt":"2020-06-03T21:13:59","slug":"convocatoria-docente-profesorado-de-geografia-4","status":"publish","type":"post","link":"https:\/\/ieslaboulaye-cba.infd.edu.ar\/sitio\/convocatoria-docente-profesorado-de-geografia-4\/","title":{"rendered":"CONVOCATORIA DOCENTE &#8211; PROFESORADO DE GEOGRAFIA"},"content":{"rendered":"<p>Convocatoria desde el 04\/06\/2020 al 08\/06\/2020<\/p>\n<p>Espacio curricular: Metodolog\u00eda de la Investigaci\u00f3n Geogr\u00e1fica &#8211; c\u00f3digo: A80058 &#8211;<br \/>\n04 horas c\u00e1tedras &#8211;<br \/>\nCurso y divisi\u00f3n: 4to a\u00f1o div. \u201cU\u201d<br \/>\nCar\u00e1cter: Interino a T\u00e9rmino<br \/>\nD\u00edas y horarios de desempe\u00f1o: Viernes 19:15 a 19:55 &#8211; 19:55 a 20:35 &#8211;<br \/>\n20:35 a 21:15 &#8211; 21:15 a 21:55<\/p>\n","protected":false},"excerpt":{"rendered":"<p>Convocatoria desde el 04\/06\/2020 al 08\/06\/2020 Espacio curricular: Metodolog\u00eda de la Investigaci\u00f3n Geogr\u00e1fica &#8211; c\u00f3digo: A80058 &#8211; 04 horas c\u00e1tedras &#8211; Curso y divisi\u00f3n: 4to a\u00f1o div. \u201cU\u201d Car\u00e1cter: Interino a T\u00e9rmino D\u00edas y horarios de desempe\u00f1o: Viernes 19:15 a 19:55 &#8211; 19:55 a 20:35 &#8211; 20:35 a 21:15 &#8211; 21:15 a 21:55<\/p>\n","protected":false},"author":120,"featured_media":0,"comment_status":"open","ping_status":"open","sticky":false,"template":"","format":"standard","meta":[],"categories":[1],"tags":[],"acf":[],"_links":{"self":[{"href":"https:\/\/ieslaboulaye-cba.infd.edu.ar\/sitio\/wp-json\/wp\/v2\/posts\/984"}],"collection":[{"href":"https:\/\/ieslaboulaye-cba.infd.edu.ar\/sitio\/wp-json\/wp\/v2\/posts"}],"about":[{"href":"https:\/\/ieslaboulaye-cba.infd.edu.ar\/sitio\/wp-json\/wp\/v2\/types\/post"}],"author":[{"embeddable":true,"href":"https:\/\/ieslaboulaye-cba.infd.edu.ar\/sitio\/wp-json\/wp\/v2\/users\/120"}],"replies":[{"embeddable":true,"href":"https:\/\/ieslaboulaye-cba.infd.edu.ar\/sitio\/wp-json\/wp\/v2\/comments?post=984"}],"version-history":[{"count":3,"href":"https:\/\/ieslaboulaye-cba.infd.edu.ar\/sitio\/wp-json\/wp\/v2\/posts\/984\/revisions"}],"predecessor-version":[{"id":1007,"href":"https:\/\/ieslaboulaye-cba.infd.edu.ar\/sitio\/wp-json\/wp\/v2\/posts\/984\/revisions\/1007"}],"wp:attachment":[{"href":"https:\/\/ieslaboulaye-cba.infd.edu.ar\/sitio\/wp-json\/wp\/v2\/media?parent=984"}],"wp:term":[{"taxonomy":"category","embeddable":true,"href":"https:\/\/ieslaboulaye-cba.infd.edu.ar\/sitio\/wp-json\/wp\/v2\/categories?post=984"},{"taxonomy":"post_tag","embeddable":true,"href":"https:\/\/ieslaboulaye-cba.infd.edu.ar\/sitio\/wp-json\/wp\/v2\/tags?post=984"}],"curies":[{"name":"wp","href":"https:\/\/api.w.org\/{rel}","templated":true}]}}